{"id":361,"date":"2022-08-17T21:29:10","date_gmt":"2022-08-17T19:29:10","guid":{"rendered":"https:\/\/erka.org.pl\/?p=361"},"modified":"2022-08-19T23:06:22","modified_gmt":"2022-08-19T21:06:22","slug":"targi-tour-sport-expo-2010","status":"publish","type":"post","link":"https:\/\/erka.org.pl\/?p=361","title":{"rendered":"Targi TOUR \u2013 SPORT \u2013 EXPO 2010"},"content":{"rendered":"\t\t<div data-elementor-type=\"wp-post\" data-elementor-id=\"361\" class=\"elementor elementor-361\">\n\t\t\t\t\t\t\t\t\t<section class=\"elementor-section elementor-top-section elementor-element elementor-element-f9c13d7 elementor-section-boxed elementor-section-height-default elementor-section-height-default\" data-id=\"f9c13d7\" data-element_type=\"section\">\n\t\t\t\t\t\t<div class=\"elementor-container elementor-column-gap-default\">\n\t\t\t\t\t<div class=\"elementor-column elementor-col-100 elementor-top-column elementor-element elementor-element-16c0ac8\" data-id=\"16c0ac8\" data-element_type=\"column\">\n\t\t\t<div class=\"elementor-widget-wrap elementor-element-populated\">\n\t\t\t\t\t\t\t\t<div class=\"elementor-element elementor-element-4454075 elementor-widget elementor-widget-text-editor\" data-id=\"4454075\" data-element_type=\"widget\" data-widget_type=\"text-editor.default\">\n\t\t\t\t<div class=\"elementor-widget-container\">\n\t\t\t<style>\/*! elementor - v3.7.2 - 21-08-2022 *\/\n.elementor-widget-text-editor.elementor-drop-cap-view-stacked .elementor-drop-cap{background-color:#818a91;color:#fff}.elementor-widget-text-editor.elementor-drop-cap-view-framed .elementor-drop-cap{color:#818a91;border:3px solid;background-color:transparent}.elementor-widget-text-editor:not(.elementor-drop-cap-view-default) .elementor-drop-cap{margin-top:8px}.elementor-widget-text-editor:not(.elementor-drop-cap-view-default) .elementor-drop-cap-letter{width:1em;height:1em}.elementor-widget-text-editor .elementor-drop-cap{float:left;text-align:center;line-height:1;font-size:50px}.elementor-widget-text-editor .elementor-drop-cap-letter{display:inline-block}<\/style>\t\t\t\t<p>Prezentacje, wywiady, spotkania z sympatykami i wiele innych aktywno\u015bci mieli\u015bmy przyjemno\u015b\u0107 prze\u017cy\u0107 jako Stowarzyszenie w dniach 18 \u2013 19 wrze\u015bnia 2010. Podczas 2 dniowych targ\u00f3w zaprezentowali\u015bmy reminiscencje z Zimowej Korony G\u00f3r Polski, wyprawy nad Tilicho 2007 w samo serce Himalaj\u00f3w oraz wszystkie chyba dyscypliny reprezentowane przez naszych cz\u0142onk\u00f3w. Nasze wysi\u0142ki w\u0142o\u017cone w przygotowanie stoiska oraz prezentacji zosta\u0142y wysoko ocenione zar\u00f3wno przez uczestnik\u00f3w, go\u015bci jak i organizator\u00f3w, Mi\u0142ym zaskoczeniem by\u0142a przyznana przez kapitu\u0142\u0119 organizator\u00f3w nagroda za najlepsze stoisko.<\/p><p>\u00a0<\/p><p>Dzi\u0119kujemy wszystkim, kt\u00f3rzy przyczynili si\u0119 do naszego sukcesu i obiecujemy, i\u017c do\u0142o\u017cymy wszelkich stara\u0144 aby ten sukces powieli\u0107 w przysz\u0142ych latach.<\/p>\t\t\t\t\t\t<\/div>\n\t\t\t\t<\/div>\n\t\t\t\t\t<\/div>\n\t\t<\/div>\n\t\t\t\t\t\t\t<\/div>\n\t\t<\/section>\n\t\t\t\t\t\t\t<\/div>\n\t\t","protected":false},"excerpt":{"rendered":"<p>Prezentacje, wywiady, spotkania z sympatykami i wiele innych aktywno\u015bci mieli\u015bmy przyjemno\u015b\u0107 prze\u017cy\u0107 jako Stowarzyszenie w dniach 18 \u2013 19 wrze\u015bnia 2010.<\/p>\n","protected":false},"author":1,"featured_media":484,"comment_status":"closed","ping_status":"closed","sticky":false,"template":"","format":"standard","meta":{"_bbp_topic_count":0,"_bbp_reply_count":0,"_bbp_total_topic_count":0,"_bbp_total_reply_count":0,"_bbp_voice_count":0,"_bbp_anonymous_reply_count":0,"_bbp_topic_count_hidden":0,"_bbp_reply_count_hidden":0,"_bbp_forum_subforum_count":0,"ngg_post_thumbnail":19},"categories":[5],"tags":[],"_links":{"self":[{"href":"https:\/\/erka.org.pl\/index.php?rest_route=\/wp\/v2\/posts\/361"}],"collection":[{"href":"https:\/\/erka.org.pl\/index.php?rest_route=\/wp\/v2\/posts"}],"about":[{"href":"https:\/\/erka.org.pl\/index.php?rest_route=\/wp\/v2\/types\/post"}],"author":[{"embeddable":true,"href":"https:\/\/erka.org.pl\/index.php?rest_route=\/wp\/v2\/users\/1"}],"replies":[{"embeddable":true,"href":"https:\/\/erka.org.pl\/index.php?rest_route=%2Fwp%2Fv2%2Fcomments&post=361"}],"version-history":[{"count":5,"href":"https:\/\/erka.org.pl\/index.php?rest_route=\/wp\/v2\/posts\/361\/revisions"}],"predecessor-version":[{"id":483,"href":"https:\/\/erka.org.pl\/index.php?rest_route=\/wp\/v2\/posts\/361\/revisions\/483"}],"wp:featuredmedia":[{"embeddable":true,"href":"https:\/\/erka.org.pl\/index.php?rest_route=\/wp\/v2\/media\/484"}],"wp:attachment":[{"href":"https:\/\/erka.org.pl\/index.php?rest_route=%2Fwp%2Fv2%2Fmedia&parent=361"}],"wp:term":[{"taxonomy":"category","embeddable":true,"href":"https:\/\/erka.org.pl\/index.php?rest_route=%2Fwp%2Fv2%2Fcategories&post=361"},{"taxonomy":"post_tag","embeddable":true,"href":"https:\/\/erka.org.pl\/index.php?rest_route=%2Fwp%2Fv2%2Ftags&post=361"}],"curies":[{"name":"wp","href":"https:\/\/api.w.org\/{rel}","templated":true}]}}